{"id":188,"date":"2023-02-21T12:04:46","date_gmt":"2023-02-21T11:04:46","guid":{"rendered":"https:\/\/www.psoriasisforbundet.se\/halland\/?p=188"},"modified":"2023-02-28T14:58:21","modified_gmt":"2023-02-28T13:58:21","slug":"188","status":"publish","type":"post","link":"https:\/\/www.psoriasisforbundet.se\/halland\/2023\/02\/21\/188\/","title":{"rendered":""},"content":{"rendered":"","protected":false},"excerpt":{"rendered":"","protected":false},"author":77,"featured_media":0,"comment_status":"open","ping_status":"open","sticky":false,"template":"","format":"standard","meta":{"_acf_changed":false,"_monsterinsights_skip_tracking":false,"_monsterinsights_sitenote_active":false,"_monsterinsights_sitenote_note":"","_monsterinsights_sitenote_category":0,"footnotes":""},"categories":[1],"tags":[],"class_list":["post-188","post","type-post","status-publish","format-standard","hentry","category-okategoriserade"],"acf":[],"yoast_head":"<!-- This site is optimized with the Yoast SEO plugin v27.4 - https:\/\/yoast.com\/product\/yoast-seo-wordpress\/ -->\n<title>- Hallands l\u00e4n<\/title>\n<meta name=\"robots\" content=\"index, follow, max-snippet:-1, max-image-preview:large, max-video-preview:-1\" \/>\n<link rel=\"canonical\" href=\"https:\/\/www.psoriasisforbundet.se\/halland\/2023\/02\/21\/188\/\" \/>\n<meta property=\"og:locale\" content=\"sv_SE\" \/>\n<meta property=\"og:type\" content=\"article\" \/>\n<meta property=\"og:title\" content=\"- Hallands l\u00e4n\" \/>\n<meta property=\"og:url\" content=\"https:\/\/www.psoriasisforbundet.se\/halland\/2023\/02\/21\/188\/\" \/>\n<meta property=\"og:site_name\" content=\"Hallands l\u00e4n\" \/>\n<meta property=\"article:published_time\" content=\"2023-02-21T11:04:46+00:00\" \/>\n<meta property=\"article:modified_time\" content=\"2023-02-28T13:58:21+00:00\" \/>\n<meta name=\"author\" content=\"ingdahl\" \/>\n<meta name=\"twitter:card\" content=\"summary_large_image\" \/>\n<meta name=\"twitter:label1\" content=\"Skriven av\" \/>\n\t<meta name=\"twitter:data1\" content=\"ingdahl\" \/>\n<script type=\"application\/ld+json\" class=\"yoast-schema-graph\">{\"@context\":\"https:\\\/\\\/schema.org\",\"@graph\":[{\"@type\":\"Article\",\"@id\":\"https:\\\/\\\/www.psoriasisforbundet.se\\\/halland\\\/2023\\\/02\\\/21\\\/188\\\/#article\",\"isPartOf\":{\"@id\":\"https:\\\/\\\/www.psoriasisforbundet.se\\\/halland\\\/2023\\\/02\\\/21\\\/188\\\/\"},\"author\":{\"name\":\"ingdahl\",\"@id\":\"https:\\\/\\\/www.psoriasisforbundet.se\\\/halland\\\/#\\\/schema\\\/person\\\/4d27b262ee4717c9f498aa40e89e758d\"},\"headline\":\"Ingen rubrik\",\"datePublished\":\"2023-02-21T11:04:46+00:00\",\"dateModified\":\"2023-02-28T13:58:21+00:00\",\"mainEntityOfPage\":{\"@id\":\"https:\\\/\\\/www.psoriasisforbundet.se\\\/halland\\\/2023\\\/02\\\/21\\\/188\\\/\"},\"wordCount\":0,\"commentCount\":0,\"inLanguage\":\"sv-SE\",\"potentialAction\":[{\"@type\":\"CommentAction\",\"name\":\"Comment\",\"target\":[\"https:\\\/\\\/www.psoriasisforbundet.se\\\/halland\\\/2023\\\/02\\\/21\\\/188\\\/#respond\"]}]},{\"@type\":\"WebPage\",\"@id\":\"https:\\\/\\\/www.psoriasisforbundet.se\\\/halland\\\/2023\\\/02\\\/21\\\/188\\\/\",\"url\":\"https:\\\/\\\/www.psoriasisforbundet.se\\\/halland\\\/2023\\\/02\\\/21\\\/188\\\/\",\"name\":\"- Hallands l\u00e4n\",\"isPartOf\":{\"@id\":\"https:\\\/\\\/www.psoriasisforbundet.se\\\/halland\\\/#website\"},\"datePublished\":\"2023-02-21T11:04:46+00:00\",\"dateModified\":\"2023-02-28T13:58:21+00:00\",\"author\":{\"@id\":\"https:\\\/\\\/www.psoriasisforbundet.se\\\/halland\\\/#\\\/schema\\\/person\\\/4d27b262ee4717c9f498aa40e89e758d\"},\"inLanguage\":\"sv-SE\",\"potentialAction\":[{\"@type\":\"ReadAction\",\"target\":[\"https:\\\/\\\/www.psoriasisforbundet.se\\\/halland\\\/2023\\\/02\\\/21\\\/188\\\/\"]}]},{\"@type\":\"WebSite\",\"@id\":\"https:\\\/\\\/www.psoriasisforbundet.se\\\/halland\\\/#website\",\"url\":\"https:\\\/\\\/www.psoriasisforbundet.se\\\/halland\\\/\",\"name\":\"Hallands l\u00e4n\",\"description\":\"En till Psorias Sites webbplats\",\"potentialAction\":[{\"@type\":\"SearchAction\",\"target\":{\"@type\":\"EntryPoint\",\"urlTemplate\":\"https:\\\/\\\/www.psoriasisforbundet.se\\\/halland\\\/?s={search_term_string}\"},\"query-input\":{\"@type\":\"PropertyValueSpecification\",\"valueRequired\":true,\"valueName\":\"search_term_string\"}}],\"inLanguage\":\"sv-SE\"},{\"@type\":\"Person\",\"@id\":\"https:\\\/\\\/www.psoriasisforbundet.se\\\/halland\\\/#\\\/schema\\\/person\\\/4d27b262ee4717c9f498aa40e89e758d\",\"name\":\"ingdahl\",\"image\":{\"@type\":\"ImageObject\",\"inLanguage\":\"sv-SE\",\"@id\":\"https:\\\/\\\/secure.gravatar.com\\\/avatar\\\/7fa9161fd492e1be8fff24ae01dd013c91610ffeb7e9670bd22594ab08bf3208?s=96&d=mm&r=g\",\"url\":\"https:\\\/\\\/secure.gravatar.com\\\/avatar\\\/7fa9161fd492e1be8fff24ae01dd013c91610ffeb7e9670bd22594ab08bf3208?s=96&d=mm&r=g\",\"contentUrl\":\"https:\\\/\\\/secure.gravatar.com\\\/avatar\\\/7fa9161fd492e1be8fff24ae01dd013c91610ffeb7e9670bd22594ab08bf3208?s=96&d=mm&r=g\",\"caption\":\"ingdahl\"},\"description\":\"Jag \u00e4r fr\u00e5n Marks kommun och flyttade till Varberg permanent \u00e5r 2007. Jag \u00e4r gift med Curt och har 2 vuxna barn.\",\"url\":\"https:\\\/\\\/www.psoriasisforbundet.se\\\/halland\\\/author\\\/ingdahl\\\/\"}]}<\/script>\n<!-- \/ Yoast SEO plugin. -->","yoast_head_json":{"title":"- Hallands l\u00e4n","robots":{"index":"index","follow":"follow","max-snippet":"max-snippet:-1","max-image-preview":"max-image-preview:large","max-video-preview":"max-video-preview:-1"},"canonical":"https:\/\/www.psoriasisforbundet.se\/halland\/2023\/02\/21\/188\/","og_locale":"sv_SE","og_type":"article","og_title":"- Hallands l\u00e4n","og_url":"https:\/\/www.psoriasisforbundet.se\/halland\/2023\/02\/21\/188\/","og_site_name":"Hallands l\u00e4n","article_published_time":"2023-02-21T11:04:46+00:00","article_modified_time":"2023-02-28T13:58:21+00:00","author":"ingdahl","twitter_card":"summary_large_image","twitter_misc":{"Skriven av":"ingdahl"},"schema":{"@context":"https:\/\/schema.org","@graph":[{"@type":"Article","@id":"https:\/\/www.psoriasisforbundet.se\/halland\/2023\/02\/21\/188\/#article","isPartOf":{"@id":"https:\/\/www.psoriasisforbundet.se\/halland\/2023\/02\/21\/188\/"},"author":{"name":"ingdahl","@id":"https:\/\/www.psoriasisforbundet.se\/halland\/#\/schema\/person\/4d27b262ee4717c9f498aa40e89e758d"},"headline":"Ingen rubrik","datePublished":"2023-02-21T11:04:46+00:00","dateModified":"2023-02-28T13:58:21+00:00","mainEntityOfPage":{"@id":"https:\/\/www.psoriasisforbundet.se\/halland\/2023\/02\/21\/188\/"},"wordCount":0,"commentCount":0,"inLanguage":"sv-SE","potentialAction":[{"@type":"CommentAction","name":"Comment","target":["https:\/\/www.psoriasisforbundet.se\/halland\/2023\/02\/21\/188\/#respond"]}]},{"@type":"WebPage","@id":"https:\/\/www.psoriasisforbundet.se\/halland\/2023\/02\/21\/188\/","url":"https:\/\/www.psoriasisforbundet.se\/halland\/2023\/02\/21\/188\/","name":"- Hallands l\u00e4n","isPartOf":{"@id":"https:\/\/www.psoriasisforbundet.se\/halland\/#website"},"datePublished":"2023-02-21T11:04:46+00:00","dateModified":"2023-02-28T13:58:21+00:00","author":{"@id":"https:\/\/www.psoriasisforbundet.se\/halland\/#\/schema\/person\/4d27b262ee4717c9f498aa40e89e758d"},"inLanguage":"sv-SE","potentialAction":[{"@type":"ReadAction","target":["https:\/\/www.psoriasisforbundet.se\/halland\/2023\/02\/21\/188\/"]}]},{"@type":"WebSite","@id":"https:\/\/www.psoriasisforbundet.se\/halland\/#website","url":"https:\/\/www.psoriasisforbundet.se\/halland\/","name":"Hallands l\u00e4n","description":"En till Psorias Sites webbplats","potentialAction":[{"@type":"SearchAction","target":{"@type":"EntryPoint","urlTemplate":"https:\/\/www.psoriasisforbundet.se\/halland\/?s={search_term_string}"},"query-input":{"@type":"PropertyValueSpecification","valueRequired":true,"valueName":"search_term_string"}}],"inLanguage":"sv-SE"},{"@type":"Person","@id":"https:\/\/www.psoriasisforbundet.se\/halland\/#\/schema\/person\/4d27b262ee4717c9f498aa40e89e758d","name":"ingdahl","image":{"@type":"ImageObject","inLanguage":"sv-SE","@id":"https:\/\/secure.gravatar.com\/avatar\/7fa9161fd492e1be8fff24ae01dd013c91610ffeb7e9670bd22594ab08bf3208?s=96&d=mm&r=g","url":"https:\/\/secure.gravatar.com\/avatar\/7fa9161fd492e1be8fff24ae01dd013c91610ffeb7e9670bd22594ab08bf3208?s=96&d=mm&r=g","contentUrl":"https:\/\/secure.gravatar.com\/avatar\/7fa9161fd492e1be8fff24ae01dd013c91610ffeb7e9670bd22594ab08bf3208?s=96&d=mm&r=g","caption":"ingdahl"},"description":"Jag \u00e4r fr\u00e5n Marks kommun och flyttade till Varberg permanent \u00e5r 2007. Jag \u00e4r gift med Curt och har 2 vuxna barn.","url":"https:\/\/www.psoriasisforbundet.se\/halland\/author\/ingdahl\/"}]}},"_links":{"self":[{"href":"https:\/\/www.psoriasisforbundet.se\/halland\/wp-json\/wp\/v2\/posts\/188","targetHints":{"allow":["GET"]}}],"collection":[{"href":"https:\/\/www.psoriasisforbundet.se\/halland\/wp-json\/wp\/v2\/posts"}],"about":[{"href":"https:\/\/www.psoriasisforbundet.se\/halland\/wp-json\/wp\/v2\/types\/post"}],"author":[{"embeddable":true,"href":"https:\/\/www.psoriasisforbundet.se\/halland\/wp-json\/wp\/v2\/users\/77"}],"replies":[{"embeddable":true,"href":"https:\/\/www.psoriasisforbundet.se\/halland\/wp-json\/wp\/v2\/comments?post=188"}],"version-history":[{"count":2,"href":"https:\/\/www.psoriasisforbundet.se\/halland\/wp-json\/wp\/v2\/posts\/188\/revisions"}],"predecessor-version":[{"id":200,"href":"https:\/\/www.psoriasisforbundet.se\/halland\/wp-json\/wp\/v2\/posts\/188\/revisions\/200"}],"wp:attachment":[{"href":"https:\/\/www.psoriasisforbundet.se\/halland\/wp-json\/wp\/v2\/media?parent=188"}],"wp:term":[{"taxonomy":"category","embeddable":true,"href":"https:\/\/www.psoriasisforbundet.se\/halland\/wp-json\/wp\/v2\/categories?post=188"},{"taxonomy":"post_tag","embeddable":true,"href":"https:\/\/www.psoriasisforbundet.se\/halland\/wp-json\/wp\/v2\/tags?post=188"}],"curies":[{"name":"wp","href":"https:\/\/api.w.org\/{rel}","templated":true}]}}